{"id":183,"date":"2018-04-25T09:57:55","date_gmt":"2018-04-25T07:57:55","guid":{"rendered":"https:\/\/conf-mpci-2018.lis-lab.fr\/?p=183"},"modified":"2018-05-11T19:45:36","modified_gmt":"2018-05-11T17:45:36","slug":"les-lieux-sont-confirme","status":"publish","type":"post","link":"https:\/\/conf-mpci-2018.lis-lab.fr\/?p=183","title":{"rendered":"Les lieux sont confirm\u00e9s !"},"content":{"rendered":"<p>La journ\u00e9e du 22 mai aura lieu \u00e0 l&rsquo;ESPE sur la Canebi\u00e8re \u00e0 Marseille. La journ\u00e9e du 23 mai aura lieu \u00e0 la m\u00e9diath\u00e8que de l&rsquo;Ecole Centrale Marseille.<\/p>\n<p><a href=\"https:\/\/conf-mpci-2018.lis-lab.fr\/?page_id=55\">Voir les informations pratiques.<\/a><\/p>\n","protected":false},"excerpt":{"rendered":"<p>La journ\u00e9e du 22 mai aura lieu \u00e0 l&rsquo;ESPE sur la Canebi\u00e8re \u00e0 Marseille. La journ\u00e9e du 23 mai aura lieu \u00e0 la m\u00e9diath\u00e8que de l&rsquo;Ecole Centrale Marseille. Voir les informations pratiques.<\/p>\n","protected":false},"author":3,"featured_media":0,"comment_status":"closed","ping_status":"closed","sticky":false,"template":"","format":"standard","meta":{"footnotes":""},"categories":[4],"tags":[],"class_list":["post-183","post","type-post","status-publish","format-standard","hentry","category-news"],"_links":{"self":[{"href":"https:\/\/conf-mpci-2018.lis-lab.fr\/index.php?rest_route=\/wp\/v2\/posts\/183","targetHints":{"allow":["GET"]}}],"collection":[{"href":"https:\/\/conf-mpci-2018.lis-lab.fr\/index.php?rest_route=\/wp\/v2\/posts"}],"about":[{"href":"https:\/\/conf-mpci-2018.lis-lab.fr\/index.php?rest_route=\/wp\/v2\/types\/post"}],"author":[{"embeddable":true,"href":"https:\/\/conf-mpci-2018.lis-lab.fr\/index.php?rest_route=\/wp\/v2\/users\/3"}],"replies":[{"embeddable":true,"href":"https:\/\/conf-mpci-2018.lis-lab.fr\/index.php?rest_route=%2Fwp%2Fv2%2Fcomments&post=183"}],"version-history":[{"count":3,"href":"https:\/\/conf-mpci-2018.lis-lab.fr\/index.php?rest_route=\/wp\/v2\/posts\/183\/revisions"}],"predecessor-version":[{"id":222,"href":"https:\/\/conf-mpci-2018.lis-lab.fr\/index.php?rest_route=\/wp\/v2\/posts\/183\/revisions\/222"}],"wp:attachment":[{"href":"https:\/\/conf-mpci-2018.lis-lab.fr\/index.php?rest_route=%2Fwp%2Fv2%2Fmedia&parent=183"}],"wp:term":[{"taxonomy":"category","embeddable":true,"href":"https:\/\/conf-mpci-2018.lis-lab.fr\/index.php?rest_route=%2Fwp%2Fv2%2Fcategories&post=183"},{"taxonomy":"post_tag","embeddable":true,"href":"https:\/\/conf-mpci-2018.lis-lab.fr\/index.php?rest_route=%2Fwp%2Fv2%2Ftags&post=183"}],"curies":[{"name":"wp","href":"https:\/\/api.w.org\/{rel}","templated":true}]}}